{"id":3158,"date":"2016-05-04T09:18:23","date_gmt":"2016-05-04T08:18:23","guid":{"rendered":"http:\/\/fecv.es\/wp\/?p=3158"},"modified":"2016-05-04T10:16:52","modified_gmt":"2016-05-04T09:16:52","slug":"ii-ranking-club-esgrima-dinamo-15-mayo","status":"publish","type":"post","link":"https:\/\/fecv.es\/wp\/ii-ranking-club-esgrima-dinamo-15-mayo\/","title":{"rendered":"II Ranking Club Esgrima Dinamo (15 Mayo)"},"content":{"rendered":"<p>El pr\u00f3ximo d\u00eda 15 de Mayo, el club de Esgrima Dimano celebrar\u00e1 el segundo Torneo de Ranking Auton\u00f3mico, en las instalaciones del polideportivo Benimaclet (C\/ Daniel Balaciart s\/n Valencia) los horarios para la prueba son los que a continuaci\u00f3n se indican:<\/p>\n<p><strong>Espada Masculina y Femenina senior<\/strong><\/p>\n<p>Llamada: 9:30\u00a0horas.<\/p>\n<p>Comienzo: 10:00\u00a0horas.<\/p>\n<p><strong>Sable Infantil<\/strong><\/p>\n<p>Llamada: 10:o0\u00a0horas.<\/p>\n<p>Comienzo: 10:30\u00a0horas.<\/p>\n<p><strong>Sable Masculina y Femenino senior<\/strong><\/p>\n<p>Llamada: 11:30 horas.<\/p>\n<p>Comienzo:12:0o\u00a0horas.<\/p>\n<p>Adjuntamos carta de invitaci\u00f3n al evento remitida a la FECV por el club:<\/p>\n<p><a href=\"http:\/\/fecv.es\/wp\/wp-content\/uploads\/2016\/05\/CONVOCATORIA-COMPETICION-CED.pdf\">CONVOCATORIA COMPETICION CED<\/a><\/p>\n","protected":false},"excerpt":{"rendered":"<p>El pr\u00f3ximo d\u00eda 15 de Mayo, el club de Esgrima Dimano celebrar\u00e1 el segundo Torneo de Ranking Auton\u00f3mico, en las &hellip; <\/p>\n","protected":false},"author":1,"featured_media":3160,"comment_status":"closed","ping_status":"closed","sticky":false,"template":"","format":"standard","meta":[],"categories":[1],"tags":[],"_links":{"self":[{"href":"https:\/\/fecv.es\/wp\/wp-json\/wp\/v2\/posts\/3158"}],"collection":[{"href":"https:\/\/fecv.es\/wp\/wp-json\/wp\/v2\/posts"}],"about":[{"href":"https:\/\/fecv.es\/wp\/wp-json\/wp\/v2\/types\/post"}],"author":[{"embeddable":true,"href":"https:\/\/fecv.es\/wp\/wp-json\/wp\/v2\/users\/1"}],"replies":[{"embeddable":true,"href":"https:\/\/fecv.es\/wp\/wp-json\/wp\/v2\/comments?post=3158"}],"version-history":[{"count":2,"href":"https:\/\/fecv.es\/wp\/wp-json\/wp\/v2\/posts\/3158\/revisions"}],"predecessor-version":[{"id":3162,"href":"https:\/\/fecv.es\/wp\/wp-json\/wp\/v2\/posts\/3158\/revisions\/3162"}],"wp:featuredmedia":[{"embeddable":true,"href":"https:\/\/fecv.es\/wp\/wp-json\/wp\/v2\/media\/3160"}],"wp:attachment":[{"href":"https:\/\/fecv.es\/wp\/wp-json\/wp\/v2\/media?parent=3158"}],"wp:term":[{"taxonomy":"category","embeddable":true,"href":"https:\/\/fecv.es\/wp\/wp-json\/wp\/v2\/categories?post=3158"},{"taxonomy":"post_tag","embeddable":true,"href":"https:\/\/fecv.es\/wp\/wp-json\/wp\/v2\/tags?post=3158"}],"curies":[{"name":"wp","href":"https:\/\/api.w.org\/{rel}","templated":true}]}}