{"id":5497,"date":"2026-03-12T10:00:00","date_gmt":"2026-03-12T09:00:00","guid":{"rendered":"https:\/\/fecv.es\/wp\/?p=5497"},"modified":"2026-02-19T15:10:38","modified_gmt":"2026-02-19T14:10:38","slug":"la-fecv-convoca-una-jornada-de-formacion-para-monitores-de-sus-programas-federativos","status":"publish","type":"post","link":"http:\/\/fecv.es\/wp\/la-fecv-convoca-una-jornada-de-formacion-para-monitores-de-sus-programas-federativos\/","title":{"rendered":"La FECV convoca una jornada de formaci\u00f3n para monitores de sus programas federativos"},"content":{"rendered":"\n<p>Desde la Federaci\u00f3n de Esgrima de la Comunidad Valenciana convocamos a los monitores y monitoras de nuestros diferentes programas a una <strong>jornada de formaci\u00f3n<\/strong> que se celebrar\u00e1 el pr\u00f3ximo lunes 16 de marzo en el Polideportivo de Benimaclet, en horario de 9:00 a 17:30 horas.<\/p>\n\n\n\n<p>Esta sesi\u00f3n formativa estar\u00e1 impartida por Georges Karam y Melisa Englert, y estar\u00e1 dirigida a reforzar la preparaci\u00f3n t\u00e9cnica y organizativa de los monitores que forman parte de los distintos programas que la FECV desarrolla a lo largo de la temporada.<\/p>\n\n\n\n<p>Durante la jornada se abordar\u00e1n contenidos t\u00e9cnicos espec\u00edficos de esgrima, as\u00ed como aspectos relacionados con la documentaci\u00f3n y el funcionamiento interno de los programas federativos, con el objetivo de unificar criterios de trabajo y seguir mejorando la calidad formativa que ofrecemos en todas nuestras actividades.<\/p>\n\n\n\n<p>Desde la FECV seguimos apostando por la formaci\u00f3n continua de nuestros t\u00e9cnicos y monitores, conscientes de que su labor es fundamental en el desarrollo deportivo, educativo y organizativo de la esgrima en la Comunitat Valenciana. Este tipo de jornadas permiten fortalecer la estructura de nuestros programas, mejorar la coordinaci\u00f3n y garantizar un trabajo de calidad en cada uno de los proyectos que llevamos a cabo.<\/p>\n\n\n\n<p>Con esta iniciativa, la Federaci\u00f3n reafirma su compromiso con la mejora constante de sus programas formativos, consolidando una l\u00ednea de trabajo basada en la profesionalizaci\u00f3n, la formaci\u00f3n t\u00e9cnica y la excelencia en la ense\u00f1anza de la esgrima.<\/p>\n","protected":false},"excerpt":{"rendered":"<p>Desde la Federaci\u00f3n de Esgrima de la Comunidad Valenciana convocamos a los monitores y monitoras de nuestros diferentes programas a &hellip; <\/p>\n","protected":false},"author":2,"featured_media":5499,"comment_status":"closed","ping_status":"closed","sticky":false,"template":"","format":"standard","meta":[],"categories":[23],"tags":[89,63,103,104],"_links":{"self":[{"href":"http:\/\/fecv.es\/wp\/wp-json\/wp\/v2\/posts\/5497"}],"collection":[{"href":"http:\/\/fecv.es\/wp\/wp-json\/wp\/v2\/posts"}],"about":[{"href":"http:\/\/fecv.es\/wp\/wp-json\/wp\/v2\/types\/post"}],"author":[{"embeddable":true,"href":"http:\/\/fecv.es\/wp\/wp-json\/wp\/v2\/users\/2"}],"replies":[{"embeddable":true,"href":"http:\/\/fecv.es\/wp\/wp-json\/wp\/v2\/comments?post=5497"}],"version-history":[{"count":1,"href":"http:\/\/fecv.es\/wp\/wp-json\/wp\/v2\/posts\/5497\/revisions"}],"predecessor-version":[{"id":5500,"href":"http:\/\/fecv.es\/wp\/wp-json\/wp\/v2\/posts\/5497\/revisions\/5500"}],"wp:featuredmedia":[{"embeddable":true,"href":"http:\/\/fecv.es\/wp\/wp-json\/wp\/v2\/media\/5499"}],"wp:attachment":[{"href":"http:\/\/fecv.es\/wp\/wp-json\/wp\/v2\/media?parent=5497"}],"wp:term":[{"taxonomy":"category","embeddable":true,"href":"http:\/\/fecv.es\/wp\/wp-json\/wp\/v2\/categories?post=5497"},{"taxonomy":"post_tag","embeddable":true,"href":"http:\/\/fecv.es\/wp\/wp-json\/wp\/v2\/tags?post=5497"}],"curies":[{"name":"wp","href":"https:\/\/api.w.org\/{rel}","templated":true}]}}