{"id":4351,"date":"2023-02-21T13:24:33","date_gmt":"2023-02-21T12:24:33","guid":{"rendered":"https:\/\/fecv.es\/wp\/?p=4351"},"modified":"2023-02-21T16:07:28","modified_gmt":"2023-02-21T15:07:28","slug":"i-jocs-de-la-comunitat-valenciana-4-de-marzo","status":"publish","type":"post","link":"http:\/\/fecv.es\/wp\/i-jocs-de-la-comunitat-valenciana-4-de-marzo\/","title":{"rendered":"I JOCS de la comunitat Valenciana. 4 de marzo."},"content":{"rendered":"\n<p>Arrancan los 41\u00ba Jocs de la comunitat Valenciana. en esta ocasi\u00f3n iniciamos con los mismo en la capital de la comunidad, Valencia. aqu\u00ed, toda la informaci\u00f3n relacionada con la prueba:<\/p>\n\n\n\n<p>ORGANIZADOR:<\/p>\n\n\n\n<p>Federaci\u00f3n de Esgrima CV<\/p>\n\n\n\n<p>INSCRIPCI\u00d3N A LA PRUEBA:<\/p>\n\n\n\n<p><br>La inscripci\u00f3n previa ser\u00e1 un requisito imprescindible para poder participar<\/p>\n\n\n\n<p><br>\u2022Plazo de Inscripci\u00f3n: Hasta el d\u00eda 28 de Febrero hasta las 13:00 horas.<\/p>\n\n\n\n<p><br>\u2022Modo de inscripci\u00f3n: Enviando un e-mail a F.E.C.V. (esgrima@fecv.es y jocsfecv@hotmail.com con los datos de tiradores\/as que se aportan a la competici\u00f3n.<\/p>\n\n\n\n<p><br>LUGAR DE CELEBRACI\u00d3N: <\/p>\n\n\n\n<p>Pabell\u00f3n deportivo Benimaclet, C\/ Daniel Balaciart s\/n.<\/p>\n\n\n\n<p><br>HORARIOS:<\/p>\n\n\n\n<p><br>El horario ser\u00e1 determinado seg\u00fan la participaci\u00f3n y desarrollo de la competici\u00f3n. Una vez cerrada la<br>inscripci\u00f3n con conocimiento de los participantes, comunicaremos los horarios definitivos.<\/p>\n\n\n\n<div class=\"wp-block-file\"><object class=\"wp-block-file__embed\" data=\"https:\/\/fecv.es\/wp\/wp-content\/uploads\/2023\/02\/Info.-Jornada-JOCS-Valencia-3.pdf\" type=\"application\/pdf\" style=\"width:100%;height:600px\" aria-label=\"Incrustado de Info.-Jornada-JOCS-Valencia-3.\"><\/object><a id=\"wp-block-file--media-5c925e8f-9e5a-46b7-9ba8-9710e2685fc1\" href=\"https:\/\/fecv.es\/wp\/wp-content\/uploads\/2023\/02\/Info.-Jornada-JOCS-Valencia-3.pdf\">Info.-Jornada-JOCS-Valencia-3<\/a><a href=\"https:\/\/fecv.es\/wp\/wp-content\/uploads\/2023\/02\/Info.-Jornada-JOCS-Valencia-3.pdf\" class=\"wp-block-file__button\" download aria-describedby=\"wp-block-file--media-5c925e8f-9e5a-46b7-9ba8-9710e2685fc1\">Descarga<\/a><\/div>\n","protected":false},"excerpt":{"rendered":"<p>Arrancan los 41\u00ba Jocs de la comunitat Valenciana. en esta ocasi\u00f3n iniciamos con los mismo en la capital de la &hellip; <\/p>\n","protected":false},"author":1,"featured_media":4352,"comment_status":"closed","ping_status":"closed","sticky":false,"template":"","format":"standard","meta":[],"categories":[3],"tags":[],"_links":{"self":[{"href":"http:\/\/fecv.es\/wp\/wp-json\/wp\/v2\/posts\/4351"}],"collection":[{"href":"http:\/\/fecv.es\/wp\/wp-json\/wp\/v2\/posts"}],"about":[{"href":"http:\/\/fecv.es\/wp\/wp-json\/wp\/v2\/types\/post"}],"author":[{"embeddable":true,"href":"http:\/\/fecv.es\/wp\/wp-json\/wp\/v2\/users\/1"}],"replies":[{"embeddable":true,"href":"http:\/\/fecv.es\/wp\/wp-json\/wp\/v2\/comments?post=4351"}],"version-history":[{"count":2,"href":"http:\/\/fecv.es\/wp\/wp-json\/wp\/v2\/posts\/4351\/revisions"}],"predecessor-version":[{"id":4355,"href":"http:\/\/fecv.es\/wp\/wp-json\/wp\/v2\/posts\/4351\/revisions\/4355"}],"wp:featuredmedia":[{"embeddable":true,"href":"http:\/\/fecv.es\/wp\/wp-json\/wp\/v2\/media\/4352"}],"wp:attachment":[{"href":"http:\/\/fecv.es\/wp\/wp-json\/wp\/v2\/media?parent=4351"}],"wp:term":[{"taxonomy":"category","embeddable":true,"href":"http:\/\/fecv.es\/wp\/wp-json\/wp\/v2\/categories?post=4351"},{"taxonomy":"post_tag","embeddable":true,"href":"http:\/\/fecv.es\/wp\/wp-json\/wp\/v2\/tags?post=4351"}],"curies":[{"name":"wp","href":"https:\/\/api.w.org\/{rel}","templated":true}]}}